{"id":956,"date":"2023-03-29T10:26:17","date_gmt":"2023-03-29T07:26:17","guid":{"rendered":"https:\/\/www.turhalhakimiyet.com\/?p=956"},"modified":"2023-03-29T10:27:03","modified_gmt":"2023-03-29T07:27:03","slug":"tokat-emniyetinden-down-sendromlu-fundaya-buyuk-jest","status":"publish","type":"post","link":"https:\/\/www.turhalhakimiyet.com\/index.php\/tokat-emniyetinden-down-sendromlu-fundaya-buyuk-jest\/","title":{"rendered":"Tokat Emniyeti&#8217;nden down sendromlu Funda&#8217;ya b\u00fcy\u00fck jest"},"content":{"rendered":"\n<p>Tokat\u2019ta polisler taraf\u0131ndan \u2019D\u00fcnya Down Sendromu Fark\u0131ndal\u0131k G\u00fcn\u00fc\u2019 nedeniyle en b\u00fcy\u00fck hayali polis olmak isteyen Funda \u00c7etin\u2019e jest yapt\u0131.<\/p>\n\n\n\n<p><\/p>\n\n\n\n<p>Tokat \u0130l Emniyet M\u00fcd\u00fcrl\u00fc\u011f\u00fc Toplum Destekli Polislik \u015eube M\u00fcd\u00fcrl\u00fc\u011f\u00fc taraf\u0131ndan 21 Mart D\u00fcnya Down Sendromu Fark\u0131ndal\u0131k G\u00fcn\u00fc \u00e7er\u00e7evesinde \u00f6zel \u00e7ocuklar\u0131 mutlu etmek, fark\u0131ndal\u0131k olu\u015fturmak ve hissettirmek i\u00e7in bir etkinlik d\u00fczenlendi. D\u00fcnya Down Sendromu Fark\u0131ndal\u0131k G\u00fcn\u00fc&#8217;nde en b\u00fcy\u00fck hayali polis olmak olan Funda \u00c7etin&#8217;e Tokat \u0130l Emniyet M\u00fcd\u00fcrl\u00fc\u011f\u00fc taraf\u0131ndan polis \u00fcniformas\u0131 hediye edildi. Polis \u00dcniformas\u0131n\u0131 giyen \u00c7etin ve ailesi \u0130l Emniyet M\u00fcd\u00fcrl\u00fc\u011f\u00fc taraf\u0131ndan misafir edilerek, \u0130l Emniyet M\u00fcd\u00fcrl\u00fc\u011f\u00fcnde birimleri gezdi. Daha sonra \u00c7etin, polislerle ekip otosuna binerek e\u011fitim g\u00f6rd\u00fc\u011f\u00fc okula g\u00f6t\u00fcr\u00fcld\u00fc.<\/p>\n\n\n\n<h2 class=\"wp-block-heading\"><\/h2>\n","protected":false},"excerpt":{"rendered":"<p>Tokat\u2019ta polisler taraf\u0131ndan \u2019D\u00fcnya Down Sendromu Fark\u0131ndal\u0131k G\u00fcn\u00fc\u2019 nedeniyle en b\u00fcy\u00fck hayali polis olmak isteyen Funda \u00c7etin\u2019e jest yapt\u0131. Tokat \u0130l Emniyet M\u00fcd\u00fcrl\u00fc\u011f\u00fc Toplum Destekli Polislik \u015eube M\u00fcd\u00fcrl\u00fc\u011f\u00fc taraf\u0131ndan 21 Mart D\u00fcnya Down Sendromu Fark\u0131ndal\u0131k G\u00fcn\u00fc \u00e7er\u00e7evesinde \u00f6zel \u00e7ocuklar\u0131 mutlu etmek, fark\u0131ndal\u0131k olu\u015fturmak ve hissettirmek i\u00e7in bir etkinlik d\u00fczenlendi. D\u00fcnya Down Sendromu Fark\u0131ndal\u0131k G\u00fcn\u00fc&#8217;nde en [&hellip;]<\/p>\n","protected":false},"author":2,"featured_media":957,"comment_status":"open","ping_status":"open","sticky":false,"template":"","format":"standard","meta":{"footnotes":""},"categories":[1],"tags":[],"class_list":["post-956","post","type-post","status-publish","format-standard","has-post-thumbnail","hentry","category-turhal-haberleri"],"_links":{"self":[{"href":"https:\/\/www.turhalhakimiyet.com\/index.php\/wp-json\/wp\/v2\/posts\/956","targetHints":{"allow":["GET"]}}],"collection":[{"href":"https:\/\/www.turhalhakimiyet.com\/index.php\/wp-json\/wp\/v2\/posts"}],"about":[{"href":"https:\/\/www.turhalhakimiyet.com\/index.php\/wp-json\/wp\/v2\/types\/post"}],"author":[{"embeddable":true,"href":"https:\/\/www.turhalhakimiyet.com\/index.php\/wp-json\/wp\/v2\/users\/2"}],"replies":[{"embeddable":true,"href":"https:\/\/www.turhalhakimiyet.com\/index.php\/wp-json\/wp\/v2\/comments?post=956"}],"version-history":[{"count":2,"href":"https:\/\/www.turhalhakimiyet.com\/index.php\/wp-json\/wp\/v2\/posts\/956\/revisions"}],"predecessor-version":[{"id":959,"href":"https:\/\/www.turhalhakimiyet.com\/index.php\/wp-json\/wp\/v2\/posts\/956\/revisions\/959"}],"wp:featuredmedia":[{"embeddable":true,"href":"https:\/\/www.turhalhakimiyet.com\/index.php\/wp-json\/wp\/v2\/media\/957"}],"wp:attachment":[{"href":"https:\/\/www.turhalhakimiyet.com\/index.php\/wp-json\/wp\/v2\/media?parent=956"}],"wp:term":[{"taxonomy":"category","embeddable":true,"href":"https:\/\/www.turhalhakimiyet.com\/index.php\/wp-json\/wp\/v2\/categories?post=956"},{"taxonomy":"post_tag","embeddable":true,"href":"https:\/\/www.turhalhakimiyet.com\/index.php\/wp-json\/wp\/v2\/tags?post=956"}],"curies":[{"name":"wp","href":"https:\/\/api.w.org\/{rel}","templated":true}]}}