{"id":961,"date":"2023-03-29T10:33:54","date_gmt":"2023-03-29T07:33:54","guid":{"rendered":"https:\/\/www.turhalhakimiyet.com\/?p=961"},"modified":"2023-03-29T10:33:54","modified_gmt":"2023-03-29T07:33:54","slug":"sahte-doktora-tahliye-karari-verildi","status":"publish","type":"post","link":"https:\/\/www.turhalhakimiyet.com\/index.php\/sahte-doktora-tahliye-karari-verildi\/","title":{"rendered":"Sahte  Doktora Tahliye  Karar\u0131 Verildi"},"content":{"rendered":"\n<p>Kendisini &#8216;pratisyen hekim&#8217; olarak tan\u0131tan, sahte diploma ile g\u00f6rev yapt\u0131\u011f\u0131 anla\u015f\u0131l\u0131nca tutuklanan ve 13 y\u0131la kadar hapsi istenen Ay\u015fe \u00d6zkiraz (21) 5. duru\u015fmada tahliye edildi.<\/p>\n\n\n\n<p>Tekirda\u011f&#8217;\u0131n \u00c7erkezk\u00f6y il\u00e7esinde bulunan \u00c7erkezk\u00f6y Devlet Hastanesi&#8217;nde aylarca\u00a0sahte \u00a0doktorluk yapan ve olay\u0131n ortaya \u00e7\u0131kmas\u0131n\u0131n\u00a0ard\u0131ndan 25 Kas\u0131m&#8217;da tutuklanarak cezaevine konulan Tokatl\u0131 Ay\u015fe \u00d6zkiraz, be\u015finci kez\u00a0cezaevinde \u00a0SEGB\u0130S y\u00f6ntemiyle hakim kar\u015f\u0131s\u0131na \u00e7\u0131karken, san\u0131\u011f\u0131n avukat\u0131 da mahkemede haz\u0131r bulundu.<\/p>\n\n\n\n<p>Sahte Doktor Ay\u015fe \u00d6zkiraz, SEGB\u0130S y\u00f6ntemiyle kat\u0131ld\u0131\u011f\u0131 duru\u015fmada savunmas\u0131n\u0131 yaparak, \u201cBast\u0131rm\u0131\u015f oldu\u011fum kimlik kartlar\u0131m\u0131 stat\u00fcm\u00fc y\u00fcksek tutmak i\u00e7in kulland\u0131m. Onun d\u0131\u015f\u0131nda hi\u00e7bir yerde kullanmad\u0131m. Maddi bir kazan\u00e7 sa\u011flamad\u0131m. Ameliyatlara girdi\u011fimi kabul ediyorum. Bunu bir kez yapt\u0131m. Yapt\u0131\u011f\u0131m hatan\u0131n bir bedeli oldu\u011funu biliyorum. Dersimi ald\u0131m. Biyolojik ve psikolojik\u00a0olarak k\u00f6t\u00fc durumday\u0131m. \u0130la\u00e7 tedavisine ba\u015flad\u0131m. Ailemden ve kamuoyundan \u00f6z\u00fcr dilerim. Ailemle, karde\u015flerimle alay konusu oldum. Karde\u015flerimin okullar\u0131nda sen de mi sahte doktorsun diye dalga ge\u00e7iliyor. Tahliyemi\u00a0 talep\u00a0ediyorum\u201d dedi.<\/p>\n\n\n\n<p>Mahkemede\u00a0sahte doktor Ay\u015fe \u00d6zkiraz \u00a0hakk\u0131nda \u00a0 \u00f6zel belgede sahtecilik su\u00e7undan 1 y\u0131l, resmi belgede sahtecilik su\u00e7undan 3 y\u0131l, tabip unvan\u0131 kullanmaktan 4\u00a0y\u0131l \u00a0ve 18 bin TL adli\u00a0para\u00a0cezas\u0131 verilerek\u00a0tahliye\u00a0karar\u0131 verildi.<\/p>\n","protected":false},"excerpt":{"rendered":"<p>Kendisini &#8216;pratisyen hekim&#8217; olarak tan\u0131tan, sahte diploma ile g\u00f6rev yapt\u0131\u011f\u0131 anla\u015f\u0131l\u0131nca tutuklanan ve 13 y\u0131la kadar hapsi istenen Ay\u015fe \u00d6zkiraz (21) 5. duru\u015fmada tahliye edildi. Tekirda\u011f&#8217;\u0131n \u00c7erkezk\u00f6y il\u00e7esinde bulunan \u00c7erkezk\u00f6y Devlet Hastanesi&#8217;nde aylarca\u00a0sahte \u00a0doktorluk yapan ve olay\u0131n ortaya \u00e7\u0131kmas\u0131n\u0131n\u00a0ard\u0131ndan 25 Kas\u0131m&#8217;da tutuklanarak cezaevine konulan Tokatl\u0131 Ay\u015fe \u00d6zkiraz, be\u015finci kez\u00a0cezaevinde \u00a0SEGB\u0130S y\u00f6ntemiyle hakim kar\u015f\u0131s\u0131na \u00e7\u0131karken, san\u0131\u011f\u0131n [&hellip;]<\/p>\n","protected":false},"author":2,"featured_media":962,"comment_status":"open","ping_status":"open","sticky":false,"template":"","format":"standard","meta":{"footnotes":""},"categories":[1],"tags":[],"class_list":["post-961","post","type-post","status-publish","format-standard","has-post-thumbnail","hentry","category-turhal-haberleri"],"_links":{"self":[{"href":"https:\/\/www.turhalhakimiyet.com\/index.php\/wp-json\/wp\/v2\/posts\/961","targetHints":{"allow":["GET"]}}],"collection":[{"href":"https:\/\/www.turhalhakimiyet.com\/index.php\/wp-json\/wp\/v2\/posts"}],"about":[{"href":"https:\/\/www.turhalhakimiyet.com\/index.php\/wp-json\/wp\/v2\/types\/post"}],"author":[{"embeddable":true,"href":"https:\/\/www.turhalhakimiyet.com\/index.php\/wp-json\/wp\/v2\/users\/2"}],"replies":[{"embeddable":true,"href":"https:\/\/www.turhalhakimiyet.com\/index.php\/wp-json\/wp\/v2\/comments?post=961"}],"version-history":[{"count":1,"href":"https:\/\/www.turhalhakimiyet.com\/index.php\/wp-json\/wp\/v2\/posts\/961\/revisions"}],"predecessor-version":[{"id":963,"href":"https:\/\/www.turhalhakimiyet.com\/index.php\/wp-json\/wp\/v2\/posts\/961\/revisions\/963"}],"wp:featuredmedia":[{"embeddable":true,"href":"https:\/\/www.turhalhakimiyet.com\/index.php\/wp-json\/wp\/v2\/media\/962"}],"wp:attachment":[{"href":"https:\/\/www.turhalhakimiyet.com\/index.php\/wp-json\/wp\/v2\/media?parent=961"}],"wp:term":[{"taxonomy":"category","embeddable":true,"href":"https:\/\/www.turhalhakimiyet.com\/index.php\/wp-json\/wp\/v2\/categories?post=961"},{"taxonomy":"post_tag","embeddable":true,"href":"https:\/\/www.turhalhakimiyet.com\/index.php\/wp-json\/wp\/v2\/tags?post=961"}],"curies":[{"name":"wp","href":"https:\/\/api.w.org\/{rel}","templated":true}]}}