{"id":982,"date":"2023-04-11T09:25:51","date_gmt":"2023-04-11T06:25:51","guid":{"rendered":"https:\/\/www.turhalhakimiyet.com\/?p=982"},"modified":"2023-04-11T09:25:51","modified_gmt":"2023-04-11T06:25:51","slug":"tokatta-polis-teskilatinin-178-yil-donumu-kutlandi","status":"publish","type":"post","link":"https:\/\/www.turhalhakimiyet.com\/index.php\/tokatta-polis-teskilatinin-178-yil-donumu-kutlandi\/","title":{"rendered":"Tokat&#8217;ta Polis Te\u015fkilat\u0131n\u0131n 178.y\u0131l d\u00f6n\u00fcm\u00fc kutland\u0131"},"content":{"rendered":"\n<p>Tokat&#8217;ta, 10 Nisan Polis Haftas\u0131 kutlamalar\u0131 \u00e7er\u00e7evesinde Atat\u00fcrk heykeline \u00e7elenk sunuldu.<\/p>\n\n\n\n<p>Uzunburun hizmet binas\u0131nda d\u00fczenlenen t\u00f6ren de \u0130l Emniyet M\u00fcd\u00fcr\u00fc Arma\u011fan Adnan Erdo\u011fan Atat\u00fcrk heykeline \u00e7elenk koydu. Program, sayg\u0131 duru\u015fu ve \u0130stiklal Mar\u015f\u0131&#8217;n\u0131n okunmas\u0131yla ba\u015flad\u0131. Programda konu\u015fan \u0130l Emniyet M\u00fcd\u00fcr\u00fc Arma\u011fan Adnan Erdo\u011fan &#8221; Koronavir\u00fcs salg\u0131n\u0131nda ve deprem felaketinde de alm\u0131\u015f oldu\u011fumuz g\u00f6revler ile halk\u0131m\u0131za daha huzurlu, daha g\u00fcvenli ve daha mutlu bir gelecek sunmak i\u00e7in \u00e7al\u0131\u015fan, Te\u015fkilat\u0131m\u0131z\u0131n siz de\u011ferli mensuplar\u0131na g\u00f6sterdi\u011finiz \u00fcst\u00fcn gayret fedak\u00e2rl\u0131k ve \u00f6zveri i\u00e7in te\u015fekk\u00fcr ederim&#8221; dedi.<\/p>\n\n\n\n<p>&#8220;Kahraman T\u00fcrk polislerisiniz&#8221;<\/p>\n\n\n\n<p>178. Y\u0131l\u0131nda polis te\u015fkilat\u0131n\u0131n huzur ve g\u00fcven sa\u011flamaya devam etti\u011fini belirten \u0130l emniyet m\u00fcd\u00fcr\u00fc Arma\u011fan Adnan Erdo\u011fan, &#8220;Sizler bu aziz milletin huzur ve g\u00fcvenli\u011fini, devletin b\u00f6l\u00fcnmez b\u00fct\u00fcnl\u00fc\u011f\u00fcn\u00fc s\u00fcrd\u00fcrmek i\u00e7in g\u00f6\u011fs\u00fcn\u00fc siper eden, giydi\u011fi \u00fcniforman\u0131n ve g\u00f6lgesinde hizmet verdi\u011fi \u015fanl\u0131 bayra\u011f\u0131m\u0131z\u0131n onurunu s\u0131cak, so\u011fuk, ya\u011fmur, kar demeden her ortam ve \u015fartta koruyan kahraman T\u00fcrk Polislerisiniz. Ter\u00f6r ve uyu\u015fturucu ile m\u00fccadele, trafik g\u00fcvenli\u011fi ve genel asayi\u015f d\u00fczenin sa\u011flanmas\u0131na y\u00f6nelik yedi yirmi d\u00f6rt aral\u0131ks\u0131z olarak s\u00fcrd\u00fcrd\u00fc\u011f\u00fcn\u00fcz azimli ve kararl\u0131 \u00e7al\u0131\u015fmalar\u0131n yan\u0131 s\u0131ra koronavir\u00fcs salg\u0131n\u0131nda ve deprem felaketinde de alm\u0131\u015f oldu\u011fumuz g\u00f6revler ile halk\u0131m\u0131za daha huzurlu, daha g\u00fcvenli ve daha mutlu bir gelecek sunmak i\u00e7in \u00e7al\u0131\u015fan, Te\u015fkilat\u0131m\u0131z\u0131n siz de\u011ferli mensuplar\u0131na g\u00f6sterdi\u011finiz \u00fcst\u00fcn gayret fedak\u00e2rl\u0131k ve \u00f6zveri i\u00e7in te\u015fekk\u00fcr ederim. Bu duygularla, ba\u015fta Gazi Mustafa Kemal Atat\u00fcrk ve silah arkada\u015flar\u0131 olmak \u00fczere vatan, bayrak ezan ve Kuran mukaddesat\u0131 i\u00e7in canlar\u0131n\u0131 feda eden aziz \u015fehitlerimize ve kahraman gazilerimize sayg\u0131, minnet ve \u015f\u00fckranlar\u0131m\u0131 sunuyorum.<\/p>\n\n\n\n<p>&#8220;Fedakarl\u0131k timsali olan siz de\u011ferli meslekta\u015flar\u0131m&#8221;<\/p>\n\n\n\n<p>Erdo\u011fan, &#8220;Asr\u0131n felaketi olarak nitelendirilen, deprem felaketinde hayat\u0131n\u0131 kaybeden vatanda\u015flar\u0131m\u0131za Allahtan Rahmet, kederli aileleri ile Aziz Milletimize de ba\u015fsa\u011fl\u0131\u011f\u0131, yaral\u0131lar\u0131m\u0131za da acil \u015fifalar diliyorum. Fedakarl\u0131k timsali olan siz de\u011ferli meslekta\u015flar\u0131ma, emeklilerimize ve k\u0131ymetli ailelerinize sa\u011fl\u0131k ve esenlikler temenni eder, bir kez daha te\u015fkilat\u0131m\u0131z\u0131n kurulu\u015funun 178. y\u0131l\u0131n\u0131 kutlar\u0131m&#8221; ifadelerini kulland\u0131.<\/p>\n","protected":false},"excerpt":{"rendered":"<p>Tokat&#8217;ta, 10 Nisan Polis Haftas\u0131 kutlamalar\u0131 \u00e7er\u00e7evesinde Atat\u00fcrk heykeline \u00e7elenk sunuldu. Uzunburun hizmet binas\u0131nda d\u00fczenlenen t\u00f6ren de \u0130l Emniyet M\u00fcd\u00fcr\u00fc Arma\u011fan Adnan Erdo\u011fan Atat\u00fcrk heykeline \u00e7elenk koydu. Program, sayg\u0131 duru\u015fu ve \u0130stiklal Mar\u015f\u0131&#8217;n\u0131n okunmas\u0131yla ba\u015flad\u0131. Programda konu\u015fan \u0130l Emniyet M\u00fcd\u00fcr\u00fc Arma\u011fan Adnan Erdo\u011fan &#8221; Koronavir\u00fcs salg\u0131n\u0131nda ve deprem felaketinde de alm\u0131\u015f oldu\u011fumuz g\u00f6revler ile halk\u0131m\u0131za [&hellip;]<\/p>\n","protected":false},"author":2,"featured_media":983,"comment_status":"open","ping_status":"open","sticky":false,"template":"","format":"standard","meta":{"footnotes":""},"categories":[1],"tags":[],"class_list":["post-982","post","type-post","status-publish","format-standard","has-post-thumbnail","hentry","category-turhal-haberleri"],"_links":{"self":[{"href":"https:\/\/www.turhalhakimiyet.com\/index.php\/wp-json\/wp\/v2\/posts\/982","targetHints":{"allow":["GET"]}}],"collection":[{"href":"https:\/\/www.turhalhakimiyet.com\/index.php\/wp-json\/wp\/v2\/posts"}],"about":[{"href":"https:\/\/www.turhalhakimiyet.com\/index.php\/wp-json\/wp\/v2\/types\/post"}],"author":[{"embeddable":true,"href":"https:\/\/www.turhalhakimiyet.com\/index.php\/wp-json\/wp\/v2\/users\/2"}],"replies":[{"embeddable":true,"href":"https:\/\/www.turhalhakimiyet.com\/index.php\/wp-json\/wp\/v2\/comments?post=982"}],"version-history":[{"count":1,"href":"https:\/\/www.turhalhakimiyet.com\/index.php\/wp-json\/wp\/v2\/posts\/982\/revisions"}],"predecessor-version":[{"id":984,"href":"https:\/\/www.turhalhakimiyet.com\/index.php\/wp-json\/wp\/v2\/posts\/982\/revisions\/984"}],"wp:featuredmedia":[{"embeddable":true,"href":"https:\/\/www.turhalhakimiyet.com\/index.php\/wp-json\/wp\/v2\/media\/983"}],"wp:attachment":[{"href":"https:\/\/www.turhalhakimiyet.com\/index.php\/wp-json\/wp\/v2\/media?parent=982"}],"wp:term":[{"taxonomy":"category","embeddable":true,"href":"https:\/\/www.turhalhakimiyet.com\/index.php\/wp-json\/wp\/v2\/categories?post=982"},{"taxonomy":"post_tag","embeddable":true,"href":"https:\/\/www.turhalhakimiyet.com\/index.php\/wp-json\/wp\/v2\/tags?post=982"}],"curies":[{"name":"wp","href":"https:\/\/api.w.org\/{rel}","templated":true}]}}