{"id":985,"date":"2023-04-12T10:19:04","date_gmt":"2023-04-12T07:19:04","guid":{"rendered":"https:\/\/www.turhalhakimiyet.com\/?p=985"},"modified":"2023-04-12T10:19:04","modified_gmt":"2023-04-12T07:19:04","slug":"teneke-kutularda-plastik-tehlikesine-dikkat","status":"publish","type":"post","link":"https:\/\/www.turhalhakimiyet.com\/index.php\/teneke-kutularda-plastik-tehlikesine-dikkat\/","title":{"rendered":"Teneke kutularda plastik tehlikesine dikkat"},"content":{"rendered":"\n<h3 class=\"wp-block-heading\">Tokat Devlet Hastanesi Diyetisyeni ve Beslenme uzman\u0131 Esra Ko\u00e7ak, teneke kutular\u0131n i\u00e7 y\u00fczeylerinde plastiklerin oldu\u011funu belirterek &#8220;\u0130\u00e7eri\u011fin metal bir tat almas\u0131na engel olmak i\u00e7in yerle\u015ftirilen bu plastik y\u00fczey insan sa\u011fl\u0131\u011f\u0131 a\u00e7\u0131s\u0131ndan tehlike olu\u015fturuyor.<\/h3>\n\n\n\n<p>Tokat Devlet Hastanesi Diyetisyeni ve Beslenme uzman\u0131 Esra Ko\u00e7ak, teneke kutular\u0131n i\u00e7 y\u00fczeylerinde plastiklerin oldu\u011funu belirterek &#8220;\u0130\u00e7eri\u011fin metal bir tat almas\u0131na engel olmak i\u00e7in yerle\u015ftirilen bu plastik y\u00fczey insan sa\u011fl\u0131\u011f\u0131 a\u00e7\u0131s\u0131ndan tehlike olu\u015fturuyor.&#8221; dedi.<\/p>\n\n\n\n<p>Diyetisyen ve Beslenme uzman\u0131 Esra Ko\u00e7ak, mikroplastikler hakk\u0131nda \u00f6nemli a\u00e7\u0131klamalarda bulundu. Ko\u00e7ak, teneke kutular\u0131n i\u00e7 y\u00fczeylerinde plastiklerin mevcut oldu\u011funu kaydederek &#8220;\u0130\u00e7indekilerin teneke kutular\u0131 ile tepkimeye girmemesi i\u00e7in tenekenin i\u00e7 k\u0131s\u0131m tabakas\u0131na plastik y\u00fczey yerle\u015ftiriliyor. \u0130\u00e7eri\u011fin metal bir tat almas\u0131na engel olmak i\u00e7in yerle\u015ftirilen bu plastik y\u00fczey insan sa\u011fl\u0131\u011f\u0131 a\u00e7\u0131s\u0131ndan tehlike olu\u015fturuyor.&#8221; diye konu\u015ftu. G\u00fcnl\u00fck hayatta mikroplastiklerin bir\u00e7ok yer de bulundu\u011funu belirten Esra Ko\u00e7ak, &#8220;Mikroplastikler, 5 milimetreden daha k\u00fc\u00e7\u00fck plastik par\u00e7ac\u0131klard\u0131r. G\u00fcnl\u00fck hayat\u0131m\u0131zda i\u00e7ti\u011fimiz su \u015fi\u015fesinden kahve barda\u011f\u0131na, temizlik \u00fcr\u00fcnlerinden \u00fcr\u00fcn ambalajlar\u0131na, ki\u015fisel bak\u0131m \u00fcr\u00fcnlerine kadar bulunmaktad\u0131r&#8221; \u015feklinde konu\u015ftu.<\/p>\n\n\n\n<p>Teneke kutular\u0131n i\u00e7 y\u00fczeyinde plastik tabakan\u0131n bulundu\u011funu belirten beslenme uzman\u0131 Esra Ko\u00e7ak, &#8220;Hayat\u0131m\u0131z\u0131n her yerindeler kontrols\u00fcz kulland\u0131\u011f\u0131m\u0131z bu mikroplastiklerin sa\u011fl\u0131k \u00fczerine olumsuz etkileri bulunmakta, \u00e7ok fazla say\u0131da kimyasal i\u00e7ermekte ve bu kimyasallar\u0131n sebep oldu\u011fu hastal\u0131klar bilinmekte. \u00d6zellikle muafiyetin bask\u0131lanmas\u0131, do\u011fum oran\u0131n\u0131n d\u00fc\u015fmesi, kronik hastal\u0131klar\u0131n ortaya \u00e7\u0131kmas\u0131, baz\u0131 kanser t\u00fcrlerinin ortaya \u00e7\u0131kmas\u0131, karaci\u011fer hasar\u0131 ve troit hasar\u0131 gibi olumsuzluklara sebep olmaktad\u0131r. Plastik kullan\u0131m\u0131n azalt\u0131lmas\u0131 ve geri d\u00f6n\u00fc\u015f\u00fcm\u00fcn\u00fcn sa\u011flamas\u0131 \u00e7ok \u00f6nemli bir durum. Bunun i\u00e7in marketlerde al\u0131nan po\u015fetler yerine bez \u00e7antalar\u0131n tercih edilmesi gerekiyor. K\u00fc\u00e7\u00fck ambalajlar yerine daha b\u00fcy\u00fck ambalajlar kullan\u0131larak daha az say\u0131da plastik ortaya \u00e7\u0131kmas\u0131 sa\u011flanabilir. Plastiklerin ayr\u0131\u015ft\u0131r\u0131larak geri d\u00f6n\u00fc\u015f\u00fcm kutusuna at\u0131lmas\u0131, geri d\u00f6n\u00fc\u015ft\u00fcr\u00fclmesi at\u0131klar\u0131n azalt\u0131lmas\u0131 a\u00e7\u0131s\u0131ndan \u00f6nemli ad\u0131mlar olacakt\u0131r&#8221; dedi.<\/p>\n","protected":false},"excerpt":{"rendered":"<p>Tokat Devlet Hastanesi Diyetisyeni ve Beslenme uzman\u0131 Esra Ko\u00e7ak, teneke kutular\u0131n i\u00e7 y\u00fczeylerinde plastiklerin oldu\u011funu belirterek &#8220;\u0130\u00e7eri\u011fin metal bir tat almas\u0131na engel olmak i\u00e7in yerle\u015ftirilen bu plastik y\u00fczey insan sa\u011fl\u0131\u011f\u0131 a\u00e7\u0131s\u0131ndan tehlike olu\u015fturuyor. Tokat Devlet Hastanesi Diyetisyeni ve Beslenme uzman\u0131 Esra Ko\u00e7ak, teneke kutular\u0131n i\u00e7 y\u00fczeylerinde plastiklerin oldu\u011funu belirterek &#8220;\u0130\u00e7eri\u011fin metal bir tat almas\u0131na engel [&hellip;]<\/p>\n","protected":false},"author":2,"featured_media":986,"comment_status":"open","ping_status":"open","sticky":false,"template":"","format":"standard","meta":{"footnotes":""},"categories":[1],"tags":[],"class_list":["post-985","post","type-post","status-publish","format-standard","has-post-thumbnail","hentry","category-turhal-haberleri"],"_links":{"self":[{"href":"https:\/\/www.turhalhakimiyet.com\/index.php\/wp-json\/wp\/v2\/posts\/985","targetHints":{"allow":["GET"]}}],"collection":[{"href":"https:\/\/www.turhalhakimiyet.com\/index.php\/wp-json\/wp\/v2\/posts"}],"about":[{"href":"https:\/\/www.turhalhakimiyet.com\/index.php\/wp-json\/wp\/v2\/types\/post"}],"author":[{"embeddable":true,"href":"https:\/\/www.turhalhakimiyet.com\/index.php\/wp-json\/wp\/v2\/users\/2"}],"replies":[{"embeddable":true,"href":"https:\/\/www.turhalhakimiyet.com\/index.php\/wp-json\/wp\/v2\/comments?post=985"}],"version-history":[{"count":1,"href":"https:\/\/www.turhalhakimiyet.com\/index.php\/wp-json\/wp\/v2\/posts\/985\/revisions"}],"predecessor-version":[{"id":987,"href":"https:\/\/www.turhalhakimiyet.com\/index.php\/wp-json\/wp\/v2\/posts\/985\/revisions\/987"}],"wp:featuredmedia":[{"embeddable":true,"href":"https:\/\/www.turhalhakimiyet.com\/index.php\/wp-json\/wp\/v2\/media\/986"}],"wp:attachment":[{"href":"https:\/\/www.turhalhakimiyet.com\/index.php\/wp-json\/wp\/v2\/media?parent=985"}],"wp:term":[{"taxonomy":"category","embeddable":true,"href":"https:\/\/www.turhalhakimiyet.com\/index.php\/wp-json\/wp\/v2\/categories?post=985"},{"taxonomy":"post_tag","embeddable":true,"href":"https:\/\/www.turhalhakimiyet.com\/index.php\/wp-json\/wp\/v2\/tags?post=985"}],"curies":[{"name":"wp","href":"https:\/\/api.w.org\/{rel}","templated":true}]}}